{"id":900,"date":"2018-02-12T17:30:19","date_gmt":"2018-02-12T16:30:19","guid":{"rendered":"http:\/\/www.prof-klein.eu\/?p=900"},"modified":"2018-02-12T18:02:47","modified_gmt":"2018-02-12T17:02:47","slug":"bestnoten-fuer-alle-noteninflation-qualitaetsverlust-akademikerquoten-podiumsdiskussion-auf-dem-hochschultag-der-didacta-am-22-02-2018","status":"publish","type":"post","link":"https:\/\/www.prof-klein.eu\/en\/bestnoten-fuer-alle-noteninflation-qualitaetsverlust-akademikerquoten-podiumsdiskussion-auf-dem-hochschultag-der-didacta-am-22-02-2018\/","title":{"rendered":"Bestnoten f\u00fcr alle? Noteninflation \u2013 Qualit\u00e4tsverlust \u2013 Akademikerquoten. Podiumsdiskussion auf dem Hochschultag der Didacta am 22.02.2018 in Hannover"},"content":{"rendered":"<p class=\"qtranxs-available-languages-message qtranxs-available-languages-message-en\">Sorry, this entry is only available in <a href=\"https:\/\/www.prof-klein.eu\/de\/wp-json\/wp\/v2\/posts\/900\" class=\"qtranxs-available-language-link qtranxs-available-language-link-de\" title=\"Deutsch\">Deutsch<\/a>. For the sake of viewer convenience, the content is shown below in the alternative language. You may click the link to switch the active language.<\/p><p><span style=\"color: #ff0000; font-family: Verdana; font-size: small;\"><span style=\"color: #000000;\"><em>Abiturnoten und Abschlussnoten im Studium sollen Leistungen vergleichbar machen. Sie dienen den Hochschulen und den Arbeitgebern, die Leistung eines Studierenden einzusch\u00e4tzen. Letztendlich sind Noten entscheidend f\u00fcr Bachelor- und Masterstudienpl\u00e4tze und sp\u00e4ter f\u00fcr den Job. Doch leider ist heute vielfach das Problem, dass zwar gute Noten vergeben werden, dies aber keine Gew\u00e4hr f\u00fcr eine gute Qualifikation ist. So hat bereits der Wissenschaftsrat 2002 festgestellt, dass bei den Studieng\u00e4ngen mit traditionellen Abschl\u00fcssen \u2013 Diplom und Magister sowie Staatsexamen ohne Lehramt \u2013 der Anteil der mit \u201egut\u201c oder \u201esehr gut\u201c bewerteten Abschlusspr\u00fcfungen zwischen 2000 und 2011 um knapp 9 % von 67,8 % auf 76,7 % gestiegen ist.\u00a0Sind \u201eBestnoten f\u00fcr alle\u201c eine L\u00f6sung? Ist <\/em><\/span><\/span><span style=\"color: #ff0000; font-family: Verdana; font-size: small;\"><span style=\"color: #ff0000; font-family: Verdana; font-size: small;\"><span style=\"color: #000000;\"><em>der stetige Anstieg der Studierendenanf\u00e4nger pro Jahr mit der Folge des zunehmenden Mangels an Nachwuchs in den Ausbildungsberufen auf Dauer haltbar? Welche M\u00f6glichkeiten gibt es, die Leistung wieder realistischer zu beurteilen und die unterschiedlichen Ma\u00dfst\u00e4be in den F\u00e4chern wieder vergleichbar zu machen? Kann es sein, dass die Note am Ende des Studiums davon abh\u00e4ngt, wo man studiert hat?<\/em><\/span><\/span><\/span><\/p>\n<p>&nbsp;<\/p>","protected":false},"excerpt":{"rendered":"<p>Sorry, this entry is only available in Deutsch. For the sake of viewer convenience, the content is shown below in the alternative language. You may click the link to switch the active language.Abiturnoten und Abschlussnoten im Studium sollen Leistungen vergleichbar<\/p>\n","protected":false},"author":2,"featured_media":0,"comment_status":"closed","ping_status":"closed","sticky":false,"template":"","format":"standard","meta":{"footnotes":""},"categories":[18,8,1,19,17],"tags":[55,124,122,123],"class_list":["post-900","post","type-post","status-publish","format-standard","hentry","category-vortraege","category-aktuelles","category-allgemein","category-tagungen","category-termine","tag-abitur","tag-akademikerquoten","tag-noteninflation","tag-qualitaetsverlust"],"_links":{"self":[{"href":"https:\/\/www.prof-klein.eu\/en\/wp-json\/wp\/v2\/posts\/900","targetHints":{"allow":["GET"]}}],"collection":[{"href":"https:\/\/www.prof-klein.eu\/en\/wp-json\/wp\/v2\/posts"}],"about":[{"href":"https:\/\/www.prof-klein.eu\/en\/wp-json\/wp\/v2\/types\/post"}],"author":[{"embeddable":true,"href":"https:\/\/www.prof-klein.eu\/en\/wp-json\/wp\/v2\/users\/2"}],"replies":[{"embeddable":true,"href":"https:\/\/www.prof-klein.eu\/en\/wp-json\/wp\/v2\/comments?post=900"}],"version-history":[{"count":7,"href":"https:\/\/www.prof-klein.eu\/en\/wp-json\/wp\/v2\/posts\/900\/revisions"}],"predecessor-version":[{"id":909,"href":"https:\/\/www.prof-klein.eu\/en\/wp-json\/wp\/v2\/posts\/900\/revisions\/909"}],"wp:attachment":[{"href":"https:\/\/www.prof-klein.eu\/en\/wp-json\/wp\/v2\/media?parent=900"}],"wp:term":[{"taxonomy":"category","embeddable":true,"href":"https:\/\/www.prof-klein.eu\/en\/wp-json\/wp\/v2\/categories?post=900"},{"taxonomy":"post_tag","embeddable":true,"href":"https:\/\/www.prof-klein.eu\/en\/wp-json\/wp\/v2\/tags?post=900"}],"curies":[{"name":"wp","href":"https:\/\/api.w.org\/{rel}","templated":true}]}}