{"id":803,"date":"2017-02-12T19:38:36","date_gmt":"2017-02-12T18:38:36","guid":{"rendered":"http:\/\/www.prof-klein.eu\/?p=803"},"modified":"2017-03-08T16:58:36","modified_gmt":"2017-03-08T15:58:36","slug":"der-leibniz-abend-mit-prof-dr-hans-peter-klein","status":"publish","type":"post","link":"https:\/\/www.prof-klein.eu\/en\/der-leibniz-abend-mit-prof-dr-hans-peter-klein\/","title":{"rendered":"Der Leibniz-Abend mit Prof. Dr. Hans Peter Klein am 13.02.2017, 19 Uhr, in der Leibniz Privatschule in Elmshorn"},"content":{"rendered":"<p class=\"qtranxs-available-languages-message qtranxs-available-languages-message-en\">Sorry, this entry is only available in <a href=\"https:\/\/www.prof-klein.eu\/de\/wp-json\/wp\/v2\/posts\/803\" class=\"qtranxs-available-language-link qtranxs-available-language-link-de\" title=\"Deutsch\">Deutsch<\/a>. For the sake of viewer convenience, the content is shown below in the alternative language. You may click the link to switch the active language.<\/p><p><strong>Der Leibniz-Abend mit Prof. Dr. Hans Peter Klein am 13.02.2017, 19 Uhr, in der Leibniz Privatschule in Elmshorn<\/strong><\/p>\n<p>&nbsp;<\/p>\n<p><span style=\"font-family: Gill Sans MT;\"><span style=\"font-size: 14pt;\"><b>Bad Bramstedt \/ Elmshorn (em) Hans Peter Klein stellt die Absurdit\u00e4ten der Bildungsreformen seit PISA und Bologna blo\u00df und beschreibt Szenarien, die sich zuweilen wie Satire lesen, jedoch bittere Realit\u00e4t sind \u2013 mit einschneidenden Konsequenzen f\u00fcr den Bildungs-, Wissenschafts- und Wirtschaftstandort Deutschland.<br \/>\n<\/b><br \/>\nDeutschlands Sch\u00fcler werden immer schlauer. Jahr f\u00fcr Jahr steigt die Abiturientenquote und die Anzahl der Absolventen mit Bestnoten. Ein Ende dieser Entwicklung ist nicht absehbar. Wir scheinen uns in einer Phase der beschleunigten Evolution von Intelligenz zu befinden. Wie konnte es dazu kommen?<\/span><\/span><\/p>\n<p>Der Bildungsforscher Hans Peter Klein hat \u00fcber Jahre die Anforderungen f\u00fcr das Abitur in verschiedenen Bundesl\u00e4ndern unter die Lupe genommen. Ein Versuch, den er in diesem Rahmen durchf\u00fchrte, sorgte landesweit f\u00fcr Schlagzeilen: Den Sch\u00fclern einer neunten Klasse legte er die Abituraufgaben im Fach Biologie vor, und die scheiterten nicht, sondern konnten sie erfolgreich l\u00f6sen. Sie mussten lediglich die in einem Text enthaltenen Informationen richtig wiedergeben.<\/p>\n<p>Wenn nur noch \u201eKompetenzen\u201c, keine auf selbst\u00e4ndigem Denken basierenden Erkenntnisse eingefordert werden, k\u00f6nnen schulische Leistungen zwar scheinbar exponentiell steigen, aber um den Preis, dass die Sch\u00fcler nur noch f\u00fcr ihr sp\u00e4teres Berufsleben zugerichtet werden.<\/p>\n<p><b>Montag | 13. Februar | 19 Uhr<br \/>\nin der Kantine der Leibniz Privatschule<br \/>\nRamskamp 64b<\/b><\/p>","protected":false},"excerpt":{"rendered":"<p>Sorry, this entry is only available in Deutsch. For the sake of viewer convenience, the content is shown below in the alternative language. You may click the link to switch the active language.Der Leibniz-Abend mit Prof. Dr. Hans Peter Klein<\/p>\n","protected":false},"author":2,"featured_media":0,"comment_status":"closed","ping_status":"closed","sticky":false,"template":"","format":"standard","meta":{"footnotes":""},"categories":[18,8,17],"tags":[],"class_list":["post-803","post","type-post","status-publish","format-standard","hentry","category-vortraege","category-aktuelles","category-termine"],"_links":{"self":[{"href":"https:\/\/www.prof-klein.eu\/en\/wp-json\/wp\/v2\/posts\/803","targetHints":{"allow":["GET"]}}],"collection":[{"href":"https:\/\/www.prof-klein.eu\/en\/wp-json\/wp\/v2\/posts"}],"about":[{"href":"https:\/\/www.prof-klein.eu\/en\/wp-json\/wp\/v2\/types\/post"}],"author":[{"embeddable":true,"href":"https:\/\/www.prof-klein.eu\/en\/wp-json\/wp\/v2\/users\/2"}],"replies":[{"embeddable":true,"href":"https:\/\/www.prof-klein.eu\/en\/wp-json\/wp\/v2\/comments?post=803"}],"version-history":[{"count":8,"href":"https:\/\/www.prof-klein.eu\/en\/wp-json\/wp\/v2\/posts\/803\/revisions"}],"predecessor-version":[{"id":867,"href":"https:\/\/www.prof-klein.eu\/en\/wp-json\/wp\/v2\/posts\/803\/revisions\/867"}],"wp:attachment":[{"href":"https:\/\/www.prof-klein.eu\/en\/wp-json\/wp\/v2\/media?parent=803"}],"wp:term":[{"taxonomy":"category","embeddable":true,"href":"https:\/\/www.prof-klein.eu\/en\/wp-json\/wp\/v2\/categories?post=803"},{"taxonomy":"post_tag","embeddable":true,"href":"https:\/\/www.prof-klein.eu\/en\/wp-json\/wp\/v2\/tags?post=803"}],"curies":[{"name":"wp","href":"https:\/\/api.w.org\/{rel}","templated":true}]}}