{"id":690,"date":"2015-06-18T08:36:22","date_gmt":"2015-06-18T06:36:22","guid":{"rendered":"http:\/\/www.prof-klein.eu\/?p=690"},"modified":"2016-07-27T08:44:11","modified_gmt":"2016-07-27T06:44:11","slug":"faszination-naturwissenschaften-trends-in-lehre-unterricht-und-weiterbildung","status":"publish","type":"post","link":"https:\/\/www.prof-klein.eu\/en\/faszination-naturwissenschaften-trends-in-lehre-unterricht-und-weiterbildung\/","title":{"rendered":"Faszination Naturwissenschaften \u2013 Trends in Lehre, Unterricht und Weiterbildung"},"content":{"rendered":"<p class=\"qtranxs-available-languages-message qtranxs-available-languages-message-en\">Sorry, this entry is only available in <a href=\"https:\/\/www.prof-klein.eu\/de\/wp-json\/wp\/v2\/posts\/690\" class=\"qtranxs-available-language-link qtranxs-available-language-link-de\" title=\"Deutsch\">Deutsch<\/a>. For the sake of viewer convenience, the content is shown below in the alternative language. You may click the link to switch the active language.<\/p><p>S\u00fcdhessische NaWi-Fachtag, f\u00fcr Fachlehrer der MINT-F\u00e4cher aller Schulformen.<\/p>","protected":false},"excerpt":{"rendered":"<p>Sorry, this entry is only available in Deutsch. For the sake of viewer convenience, the content is shown below in the alternative language. You may click the link to switch the active language.S\u00fcdhessische NaWi-Fachtag, f\u00fcr Fachlehrer der MINT-F\u00e4cher aller Schulformen.<\/p>\n","protected":false},"author":2,"featured_media":0,"comment_status":"closed","ping_status":"closed","sticky":false,"template":"","format":"standard","meta":{"footnotes":""},"categories":[19,17],"tags":[106],"class_list":["post-690","post","type-post","status-publish","format-standard","hentry","category-tagungen","category-termine","tag-mint"],"_links":{"self":[{"href":"https:\/\/www.prof-klein.eu\/en\/wp-json\/wp\/v2\/posts\/690","targetHints":{"allow":["GET"]}}],"collection":[{"href":"https:\/\/www.prof-klein.eu\/en\/wp-json\/wp\/v2\/posts"}],"about":[{"href":"https:\/\/www.prof-klein.eu\/en\/wp-json\/wp\/v2\/types\/post"}],"author":[{"embeddable":true,"href":"https:\/\/www.prof-klein.eu\/en\/wp-json\/wp\/v2\/users\/2"}],"replies":[{"embeddable":true,"href":"https:\/\/www.prof-klein.eu\/en\/wp-json\/wp\/v2\/comments?post=690"}],"version-history":[{"count":1,"href":"https:\/\/www.prof-klein.eu\/en\/wp-json\/wp\/v2\/posts\/690\/revisions"}],"predecessor-version":[{"id":692,"href":"https:\/\/www.prof-klein.eu\/en\/wp-json\/wp\/v2\/posts\/690\/revisions\/692"}],"wp:attachment":[{"href":"https:\/\/www.prof-klein.eu\/en\/wp-json\/wp\/v2\/media?parent=690"}],"wp:term":[{"taxonomy":"category","embeddable":true,"href":"https:\/\/www.prof-klein.eu\/en\/wp-json\/wp\/v2\/categories?post=690"},{"taxonomy":"post_tag","embeddable":true,"href":"https:\/\/www.prof-klein.eu\/en\/wp-json\/wp\/v2\/tags?post=690"}],"curies":[{"name":"wp","href":"https:\/\/api.w.org\/{rel}","templated":true}]}}