{"id":648,"date":"2015-04-28T12:56:41","date_gmt":"2015-04-28T10:56:41","guid":{"rendered":"http:\/\/www.prof-klein.eu\/?p=648"},"modified":"2016-07-27T09:20:53","modified_gmt":"2016-07-27T07:20:53","slug":"bildung-fuer-alle-hochschule-fuer-alle","status":"publish","type":"post","link":"https:\/\/www.prof-klein.eu\/en\/bildung-fuer-alle-hochschule-fuer-alle\/","title":{"rendered":"Bildung f\u00fcr alle? Hochschule f\u00fcr alle?"},"content":{"rendered":"<p class=\"qtranxs-available-languages-message qtranxs-available-languages-message-en\">Sorry, this entry is only available in <a href=\"https:\/\/www.prof-klein.eu\/de\/wp-json\/wp\/v2\/posts\/648\" class=\"qtranxs-available-language-link qtranxs-available-language-link-de\" title=\"Deutsch\">Deutsch<\/a>. For the sake of viewer convenience, the content is shown below in the alternative language. You may click the link to switch the active language.<\/p><p>Theresia Bauer, Ministerin f\u00fcr Wissenschaft, Forschung und Kunst, und Professor Hans Peter Klein diskutieren \u00fcber die aktuelle Bildungslandschaft.<\/p>\n<p>Wie kann man junge Menschen in Schule und Hochschule heute f\u00fcr Beruf und Leben bilden und ausbilden? Auf Einladung des AK \u201eMosbacher Bildungsgespr\u00e4che\u201c diskutieren Theresia Bauer, Ministerin f\u00fcr Wissenschaft, Forschung und Kunst, und Professor Hans Peter Klein, Universit\u00e4t Frankfurt am Main, im Rahmen des Vortrags \u201eBildung f\u00fcr alle? Hochschule f\u00fcr alle?\u201d bei den Mosbacher Bildungsgespr\u00e4chen.<\/p>\n<p>Theresia Bauer nennt als zentrale Ziele ihrer Politik den Abbau sozialer H\u00fcrden beim Zugang zu h\u00f6herer Bildung, ohne auf Spitzenleistungen zu verzichten. Professor Hans Peter Klein, Vorstandsmitglied der \u201eGesellschaft f\u00fcr Bildung und Wissen\u201c, setzt sich kritisch mit den aktuellen Entwicklungen in der Bildungspolitik (G8, Abituraufgaben, Akademisierungswahn) auseinander. Frank Endlich und Richard Z\u00f6ller vertreten den Philologenverband Baden-W\u00fcrttemberg, Christine Denz und Siglinde Mack den Gr\u00fcnen Kreisverband NOK. Moderation Gabriela Fischer-Rosenfeld.<\/p>","protected":false},"excerpt":{"rendered":"<p class=\"qtranxs-available-languages-message qtranxs-available-languages-message-en\">Sorry, this entry is only available in <a href=\"https:\/\/www.prof-klein.eu\/de\/wp-json\/wp\/v2\/posts\/648\" class=\"qtranxs-available-language-link qtranxs-available-language-link-de\" title=\"Deutsch\">Deutsch<\/a>. For the sake of viewer convenience, the content is shown below in the alternative language. You may click the link to switch the active language.<\/p>\n<p>Theresia Bauer, Ministerin f\u00fcr Wissenschaft, Forschung und Kunst, und Professor Hans Peter Klein diskutieren \u00fcber die aktuelle Bildungslandschaft.<\/p>\n<p>Wie kann man junge Menschen in Schule und Hochschule heute f\u00fcr Beruf und Leben bilden und ausbilden? Auf Einladung des AK \u201eMosbacher Bildungsgespr\u00e4che\u201c diskutieren Theresia Bauer, Ministerin f\u00fcr Wissenschaft, Forschung und Kunst, und Professor Hans Peter Klein, Universit\u00e4t Frankfurt am Main, im Rahmen des Vortrags \u201eBildung f\u00fcr alle? Hochschule f\u00fcr alle?\u201d bei den Mosbacher Bildungsgespr\u00e4chen.<\/p>\n","protected":false},"author":2,"featured_media":709,"comment_status":"closed","ping_status":"closed","sticky":false,"template":"","format":"standard","meta":{"footnotes":""},"categories":[18,17],"tags":[98,97],"class_list":["post-648","post","type-post","status-publish","format-standard","has-post-thumbnail","hentry","category-vortraege","category-termine","tag-bildungslandschaft","tag-mosbacher-bildungsgespraeche"],"_links":{"self":[{"href":"https:\/\/www.prof-klein.eu\/en\/wp-json\/wp\/v2\/posts\/648","targetHints":{"allow":["GET"]}}],"collection":[{"href":"https:\/\/www.prof-klein.eu\/en\/wp-json\/wp\/v2\/posts"}],"about":[{"href":"https:\/\/www.prof-klein.eu\/en\/wp-json\/wp\/v2\/types\/post"}],"author":[{"embeddable":true,"href":"https:\/\/www.prof-klein.eu\/en\/wp-json\/wp\/v2\/users\/2"}],"replies":[{"embeddable":true,"href":"https:\/\/www.prof-klein.eu\/en\/wp-json\/wp\/v2\/comments?post=648"}],"version-history":[{"count":3,"href":"https:\/\/www.prof-klein.eu\/en\/wp-json\/wp\/v2\/posts\/648\/revisions"}],"predecessor-version":[{"id":689,"href":"https:\/\/www.prof-klein.eu\/en\/wp-json\/wp\/v2\/posts\/648\/revisions\/689"}],"wp:featuredmedia":[{"embeddable":true,"href":"https:\/\/www.prof-klein.eu\/en\/wp-json\/wp\/v2\/media\/709"}],"wp:attachment":[{"href":"https:\/\/www.prof-klein.eu\/en\/wp-json\/wp\/v2\/media?parent=648"}],"wp:term":[{"taxonomy":"category","embeddable":true,"href":"https:\/\/www.prof-klein.eu\/en\/wp-json\/wp\/v2\/categories?post=648"},{"taxonomy":"post_tag","embeddable":true,"href":"https:\/\/www.prof-klein.eu\/en\/wp-json\/wp\/v2\/tags?post=648"}],"curies":[{"name":"wp","href":"https:\/\/api.w.org\/{rel}","templated":true}]}}