{"id":490,"date":"2015-12-23T20:54:32","date_gmt":"2015-12-23T19:54:32","guid":{"rendered":"http:\/\/www.prof-klein.eu\/?p=490"},"modified":"2016-07-19T20:58:49","modified_gmt":"2016-07-19T18:58:49","slug":"ein-schlechter-scherz","status":"publish","type":"post","link":"https:\/\/www.prof-klein.eu\/en\/ein-schlechter-scherz\/","title":{"rendered":"Ein schlechter Scherz"},"content":{"rendered":"<p class=\"qtranxs-available-languages-message qtranxs-available-languages-message-en\">Sorry, this entry is only available in <a href=\"https:\/\/www.prof-klein.eu\/de\/wp-json\/wp\/v2\/posts\/490\" class=\"qtranxs-available-language-link qtranxs-available-language-link-de\" title=\"Deutsch\">Deutsch<\/a>. For the sake of viewer convenience, the content is shown below in the alternative language. You may click the link to switch the active language.<\/p><p>Didaktikprofessor Hans Peter Klein kritisiert die mangelnde Vergleichbarkeit der Abiturpr\u00fcfungen. Der Bildungsexperte pl\u00e4diert f\u00fcr eine bundesweit einheitliche Abschlusspr\u00fcfung ohne H\u00fcrden durch den F\u00f6deralismus.<\/p>\n<p>Link zum Artikel:\u00a0<a href=\"http:\/\/www.handelsblatt.com\/my\/politik\/deutschland\/didaktikprofessor-hans-peter-klein-ein-schlechter-scherz\/12759086.html?ticket=ST-10740950-anVGY2Gb1eMa5kKbBOWr-ap2\" target=\"_blank\">http:\/\/www.handelsblatt.com\/my\/politik\/deutschland\/didaktikprofessor-hans-peter-klein-ein-schlechter-scherz\/12759086.html?ticket=ST-10740950-anVGY2Gb1eMa5kKbBOWr-ap2<\/a><\/p>","protected":false},"excerpt":{"rendered":"<p class=\"qtranxs-available-languages-message qtranxs-available-languages-message-en\">Sorry, this entry is only available in <a href=\"https:\/\/www.prof-klein.eu\/de\/wp-json\/wp\/v2\/posts\/490\" class=\"qtranxs-available-language-link qtranxs-available-language-link-de\" title=\"Deutsch\">Deutsch<\/a>. For the sake of viewer convenience, the content is shown below in the alternative language. You may click the link to switch the active language.<\/p>\n<p>Didaktikprofessor Hans Peter Klein kritisiert die mangelnde Vergleichbarkeit der Abiturpr\u00fcfungen. <\/p>\n<p>Der Bildungsexperte pl\u00e4diert f\u00fcr eine bundesweit einheitliche Abschlusspr\u00fcfung ohne H\u00fcrden durch den F\u00f6deralismus.<\/p>\n","protected":false},"author":2,"featured_media":494,"comment_status":"closed","ping_status":"closed","sticky":false,"template":"","format":"standard","meta":{"footnotes":""},"categories":[45,10],"tags":[55,56,57],"class_list":["post-490","post","type-post","status-publish","format-standard","has-post-thumbnail","hentry","category-interviews","category-publikationen","tag-abitur","tag-abschlusspruefung","tag-foerderalismus"],"_links":{"self":[{"href":"https:\/\/www.prof-klein.eu\/en\/wp-json\/wp\/v2\/posts\/490","targetHints":{"allow":["GET"]}}],"collection":[{"href":"https:\/\/www.prof-klein.eu\/en\/wp-json\/wp\/v2\/posts"}],"about":[{"href":"https:\/\/www.prof-klein.eu\/en\/wp-json\/wp\/v2\/types\/post"}],"author":[{"embeddable":true,"href":"https:\/\/www.prof-klein.eu\/en\/wp-json\/wp\/v2\/users\/2"}],"replies":[{"embeddable":true,"href":"https:\/\/www.prof-klein.eu\/en\/wp-json\/wp\/v2\/comments?post=490"}],"version-history":[{"count":2,"href":"https:\/\/www.prof-klein.eu\/en\/wp-json\/wp\/v2\/posts\/490\/revisions"}],"predecessor-version":[{"id":493,"href":"https:\/\/www.prof-klein.eu\/en\/wp-json\/wp\/v2\/posts\/490\/revisions\/493"}],"wp:featuredmedia":[{"embeddable":true,"href":"https:\/\/www.prof-klein.eu\/en\/wp-json\/wp\/v2\/media\/494"}],"wp:attachment":[{"href":"https:\/\/www.prof-klein.eu\/en\/wp-json\/wp\/v2\/media?parent=490"}],"wp:term":[{"taxonomy":"category","embeddable":true,"href":"https:\/\/www.prof-klein.eu\/en\/wp-json\/wp\/v2\/categories?post=490"},{"taxonomy":"post_tag","embeddable":true,"href":"https:\/\/www.prof-klein.eu\/en\/wp-json\/wp\/v2\/tags?post=490"}],"curies":[{"name":"wp","href":"https:\/\/api.w.org\/{rel}","templated":true}]}}