{"id":880,"date":"2017-03-06T17:11:28","date_gmt":"2017-03-06T16:11:28","guid":{"rendered":"http:\/\/www.prof-klein.eu\/?p=880"},"modified":"2017-04-06T17:16:24","modified_gmt":"2017-04-06T15:16:24","slug":"die-politik-verabschiedet-den-bildungsauftrag","status":"publish","type":"post","link":"https:\/\/www.prof-klein.eu\/de\/die-politik-verabschiedet-den-bildungsauftrag\/","title":{"rendered":"&#8220;Die Politik verabschiedet den Bildungsauftrag&#8220;"},"content":{"rendered":"<p><\/p>\n<div class=\"page\" title=\"Page 1\">\n<div class=\"section\">\n<div class=\"layoutArea\">\n<div class=\"column\">\n<p>Bildungsforscher Hans Peter Klein<\/p>\n<p>&#8222;Die Politik verabschiedet den Bildungsauftrag&#8220;<\/p>\n<p>von Axel G\u00f6hring<\/p>\n<p>Rechtschreibschw\u00e4chen, Noteninflation und Niveauverlust. Bildungsforscher Hans Peter Klein beklagt die politisch gewollte Nivellierung der Anspr\u00fcche in deutschen Bildungseinrichtungen.<\/p>\n<p>Herr Professor Klein, in Ihrem neuen Buch nehmen Sie PISA- und Zentralabituraufgaben einzelner Bundesl\u00e4nder auseinander. Was bereitet Ihnen da so gro\u00dfe Sorgen?<br \/>\nHans Peter Klein: Die Leistungskursaufgabe mit den Streifenh\u00f6rnchen aus Nordrhein-Westfalen aus dem Jahre 2009, die Sch\u00fcler aus der Jahrgangsstufe 9 ohne Probleme teilweise mit guten Noten l\u00f6sen konnten, ist mittlerweile weitgehend bekannt. Lesekompetenz gen\u00fcgt, um derartige Aufgaben l\u00f6sen zu k\u00f6nnen. Denn dass die Streifenh\u00f6rnchen eher die Eicheln fressen und nicht umgekehrt oder, wie in einer Aufgabe aus Hamburg, die Haie und Schwertwale eher die See-Elefanten jagen und nicht anders herum, d\u00fcrfte Alltagswissen sein.<\/p>\n<\/div>\n<p><a href=\"http:\/\/www.prof-klein.eu\/wp-content\/uploads\/2017\/04\/Bildungsforscher-Hans-Peter-Klein-22Die-Politik-verabschiedet-den-Bildungsauftrag22.pdf\">Bildungsforscher Hans Peter Klein: Die Politik verabschiedet den Bildungsauftrag<\/a><\/p>\n<\/div>\n<\/div>\n<\/div>\n<p><\/p>","protected":false},"excerpt":{"rendered":"<p>Bildungsforscher Hans Peter Klein &#8222;Die Politik verabschiedet den Bildungsauftrag&#8220; von Axel G\u00f6hring Rechtschreibschw\u00e4chen, Noteninflation und Niveauverlust. Bildungsforscher Hans Peter Klein beklagt die politisch gewollte Nivellierung der Anspr\u00fcche in deutschen Bildungseinrichtungen. Herr Professor Klein, in Ihrem neuen Buch nehmen Sie PISA-<\/p>\n","protected":false},"author":2,"featured_media":0,"comment_status":"closed","ping_status":"closed","sticky":false,"template":"","format":"standard","meta":{"footnotes":""},"categories":[8,12,10],"tags":[],"class_list":["post-880","post","type-post","status-publish","format-standard","hentry","category-aktuelles","category-presseartikel","category-publikationen"],"_links":{"self":[{"href":"https:\/\/www.prof-klein.eu\/de\/wp-json\/wp\/v2\/posts\/880","targetHints":{"allow":["GET"]}}],"collection":[{"href":"https:\/\/www.prof-klein.eu\/de\/wp-json\/wp\/v2\/posts"}],"about":[{"href":"https:\/\/www.prof-klein.eu\/de\/wp-json\/wp\/v2\/types\/post"}],"author":[{"embeddable":true,"href":"https:\/\/www.prof-klein.eu\/de\/wp-json\/wp\/v2\/users\/2"}],"replies":[{"embeddable":true,"href":"https:\/\/www.prof-klein.eu\/de\/wp-json\/wp\/v2\/comments?post=880"}],"version-history":[{"count":1,"href":"https:\/\/www.prof-klein.eu\/de\/wp-json\/wp\/v2\/posts\/880\/revisions"}],"predecessor-version":[{"id":882,"href":"https:\/\/www.prof-klein.eu\/de\/wp-json\/wp\/v2\/posts\/880\/revisions\/882"}],"wp:attachment":[{"href":"https:\/\/www.prof-klein.eu\/de\/wp-json\/wp\/v2\/media?parent=880"}],"wp:term":[{"taxonomy":"category","embeddable":true,"href":"https:\/\/www.prof-klein.eu\/de\/wp-json\/wp\/v2\/categories?post=880"},{"taxonomy":"post_tag","embeddable":true,"href":"https:\/\/www.prof-klein.eu\/de\/wp-json\/wp\/v2\/tags?post=880"}],"curies":[{"name":"wp","href":"https:\/\/api.w.org\/{rel}","templated":true}]}}