{"id":722,"date":"2014-05-13T09:42:23","date_gmt":"2014-05-13T07:42:23","guid":{"rendered":"http:\/\/www.prof-klein.eu\/?p=722"},"modified":"2016-07-27T09:45:42","modified_gmt":"2016-07-27T07:45:42","slug":"weiterentwicklung-des-gymnasiums-in-bayern","status":"publish","type":"post","link":"https:\/\/www.prof-klein.eu\/de\/weiterentwicklung-des-gymnasiums-in-bayern\/","title":{"rendered":"Weiterentwicklung des Gymnasiums in Bayern"},"content":{"rendered":"<p>Die Abkehr vom achtj\u00e4hrigen Gymnasium ist bundesweit im Gange. In vielen Bundesl\u00e4ndern wurden die gesetzlichen Grundlagen bereits ge\u00e4ndert, sodass Schulen wieder ein neunj\u00e4hriges Gymnasium anbieten k\u00f6nnen. Die Dynamik in unseren Nachbarl\u00e4ndern zeigt eindeutig: In Hessen gibt es eine Wahloption zwischen G8 und G9, die dazu gef\u00fchrt hat, dass das achtj\u00e4hrige Gymnasium mittlerweile zu einem Auslaufmodell geworden ist. Die Erfahrungen in Baden-W\u00fcrttemberg zeigen eine klare Tendenz in Richtung der 44 G9-Modellgymnasien.<\/p>","protected":false},"excerpt":{"rendered":"<p>Die Abkehr vom achtj\u00e4hrigen Gymnasium ist bundesweit im Gange. In vielen Bundesl\u00e4ndern wurden die gesetzlichen Grundlagen bereits ge\u00e4ndert, sodass Schulen wieder ein neunj\u00e4hriges Gymnasium anbieten k\u00f6nnen. Die Dynamik in unseren Nachbarl\u00e4ndern zeigt eindeutig: In Hessen gibt es eine Wahloption zwischen<\/p>\n","protected":false},"author":2,"featured_media":0,"comment_status":"closed","ping_status":"closed","sticky":false,"template":"","format":"standard","meta":{"footnotes":""},"categories":[19,17],"tags":[107,65],"class_list":["post-722","post","type-post","status-publish","format-standard","hentry","category-tagungen","category-termine","tag-abiturienten","tag-gymnasium"],"_links":{"self":[{"href":"https:\/\/www.prof-klein.eu\/de\/wp-json\/wp\/v2\/posts\/722","targetHints":{"allow":["GET"]}}],"collection":[{"href":"https:\/\/www.prof-klein.eu\/de\/wp-json\/wp\/v2\/posts"}],"about":[{"href":"https:\/\/www.prof-klein.eu\/de\/wp-json\/wp\/v2\/types\/post"}],"author":[{"embeddable":true,"href":"https:\/\/www.prof-klein.eu\/de\/wp-json\/wp\/v2\/users\/2"}],"replies":[{"embeddable":true,"href":"https:\/\/www.prof-klein.eu\/de\/wp-json\/wp\/v2\/comments?post=722"}],"version-history":[{"count":1,"href":"https:\/\/www.prof-klein.eu\/de\/wp-json\/wp\/v2\/posts\/722\/revisions"}],"predecessor-version":[{"id":724,"href":"https:\/\/www.prof-klein.eu\/de\/wp-json\/wp\/v2\/posts\/722\/revisions\/724"}],"wp:attachment":[{"href":"https:\/\/www.prof-klein.eu\/de\/wp-json\/wp\/v2\/media?parent=722"}],"wp:term":[{"taxonomy":"category","embeddable":true,"href":"https:\/\/www.prof-klein.eu\/de\/wp-json\/wp\/v2\/categories?post=722"},{"taxonomy":"post_tag","embeddable":true,"href":"https:\/\/www.prof-klein.eu\/de\/wp-json\/wp\/v2\/tags?post=722"}],"curies":[{"name":"wp","href":"https:\/\/api.w.org\/{rel}","templated":true}]}}