{"id":668,"date":"2013-10-30T14:19:16","date_gmt":"2013-10-30T13:19:16","guid":{"rendered":"http:\/\/www.prof-klein.eu\/?p=668"},"modified":"2016-07-26T14:30:36","modified_gmt":"2016-07-26T12:30:36","slug":"spread-the-word-von-der-universitaet-zum-bildungsstream","status":"publish","type":"post","link":"https:\/\/www.prof-klein.eu\/de\/spread-the-word-von-der-universitaet-zum-bildungsstream\/","title":{"rendered":"\u201eSpread the Word \u2013 Von der Universit\u00e4t zum Bildungsstream?\u201c"},"content":{"rendered":"<p>Die Universit\u00e4tslandschaft wird sich durch das Internet weiter ver\u00e4ndern. Erm\u00f6glichen MOOCs und\u00ad \u00adiTunes jedem ein Studium an einer Top-Universit\u00e4t?<\/p>","protected":false},"excerpt":{"rendered":"<p>Die Universit\u00e4tslandschaft wird sich durch das Internet weiter ver\u00e4ndern. Erm\u00f6glichen MOOCs und\u00ad \u00adiTunes jedem ein Studium an einer Top-Universit\u00e4t?<\/p>\n","protected":false},"author":2,"featured_media":0,"comment_status":"closed","ping_status":"closed","sticky":false,"template":"","format":"standard","meta":{"footnotes":""},"categories":[18,17],"tags":[],"class_list":["post-668","post","type-post","status-publish","format-standard","hentry","category-vortraege","category-termine"],"_links":{"self":[{"href":"https:\/\/www.prof-klein.eu\/de\/wp-json\/wp\/v2\/posts\/668","targetHints":{"allow":["GET"]}}],"collection":[{"href":"https:\/\/www.prof-klein.eu\/de\/wp-json\/wp\/v2\/posts"}],"about":[{"href":"https:\/\/www.prof-klein.eu\/de\/wp-json\/wp\/v2\/types\/post"}],"author":[{"embeddable":true,"href":"https:\/\/www.prof-klein.eu\/de\/wp-json\/wp\/v2\/users\/2"}],"replies":[{"embeddable":true,"href":"https:\/\/www.prof-klein.eu\/de\/wp-json\/wp\/v2\/comments?post=668"}],"version-history":[{"count":2,"href":"https:\/\/www.prof-klein.eu\/de\/wp-json\/wp\/v2\/posts\/668\/revisions"}],"predecessor-version":[{"id":670,"href":"https:\/\/www.prof-klein.eu\/de\/wp-json\/wp\/v2\/posts\/668\/revisions\/670"}],"wp:attachment":[{"href":"https:\/\/www.prof-klein.eu\/de\/wp-json\/wp\/v2\/media?parent=668"}],"wp:term":[{"taxonomy":"category","embeddable":true,"href":"https:\/\/www.prof-klein.eu\/de\/wp-json\/wp\/v2\/categories?post=668"},{"taxonomy":"post_tag","embeddable":true,"href":"https:\/\/www.prof-klein.eu\/de\/wp-json\/wp\/v2\/tags?post=668"}],"curies":[{"name":"wp","href":"https:\/\/api.w.org\/{rel}","templated":true}]}}