{"id":664,"date":"2014-04-08T14:13:08","date_gmt":"2014-04-08T12:13:08","guid":{"rendered":"http:\/\/www.prof-klein.eu\/?p=664"},"modified":"2016-07-26T14:16:10","modified_gmt":"2016-07-26T12:16:10","slug":"mathematik-in-der-schule-versuch-ueber-eine-bildungsmisere","status":"publish","type":"post","link":"https:\/\/www.prof-klein.eu\/de\/mathematik-in-der-schule-versuch-ueber-eine-bildungsmisere\/","title":{"rendered":"Mathematik in der Schule \u2013 Versuch \u00fcber eine Bildungsmisere"},"content":{"rendered":"<p><strong>Ringvorlesung Lothar-Collatz-Zentrum f\u00fcr wissenschaftliches Rechnen<\/strong><\/p>\n<p>Der schulische Mathematikunterricht ist ein ewiges Reizthema. Die Verbesserung deutscher Sch\u00fclerinnen und Sch\u00fcler bei den PISA-Tests 2012 fanden breites mediales Geh\u00f6r. Immer lauter aber werden auch Stimmen derer, die sagen, dass der Schulunterricht sich zu sehr auf abfragbares, vergleichendes Wissen \u00e0 la PISA-Test konzentriert.<\/p>\n<p>Was sollen Sch\u00fclerinnen und Sch\u00fcler eigentlich im Matheunterricht lernen und wof\u00fcr? Dieser Frage will das Lothar-Collatz-Zentrum f\u00fcr Wissenschaftliches Rechnen in der aktuellen Vortragsreihe nachgehen. Daf\u00fcr lassen wir Lehrkr\u00e4fte, Mathematikdidaktiker und Fachwissenschaftler\u00a0 gleichermassen zu Wort kommen. Wir hoffen auf rege Diskussion und konstruktive Kritik an den oftmals stark subjektiven Standpunkten der Vortragenden.<\/p>","protected":false},"excerpt":{"rendered":"<p>Ringvorlesung Lothar-Collatz-Zentrum f\u00fcr wissenschaftliches Rechnen Der schulische Mathematikunterricht ist ein ewiges Reizthema. Die Verbesserung deutscher Sch\u00fclerinnen und Sch\u00fcler bei den PISA-Tests 2012 fanden breites mediales Geh\u00f6r. Immer lauter aber werden auch Stimmen derer, die sagen, dass der Schulunterricht sich zu<\/p>\n","protected":false},"author":2,"featured_media":0,"comment_status":"closed","ping_status":"closed","sticky":false,"template":"","format":"standard","meta":{"footnotes":""},"categories":[18,17],"tags":[66,102],"class_list":["post-664","post","type-post","status-publish","format-standard","hentry","category-vortraege","category-termine","tag-mathematik","tag-wissenschaftliches-rechnen"],"_links":{"self":[{"href":"https:\/\/www.prof-klein.eu\/de\/wp-json\/wp\/v2\/posts\/664","targetHints":{"allow":["GET"]}}],"collection":[{"href":"https:\/\/www.prof-klein.eu\/de\/wp-json\/wp\/v2\/posts"}],"about":[{"href":"https:\/\/www.prof-klein.eu\/de\/wp-json\/wp\/v2\/types\/post"}],"author":[{"embeddable":true,"href":"https:\/\/www.prof-klein.eu\/de\/wp-json\/wp\/v2\/users\/2"}],"replies":[{"embeddable":true,"href":"https:\/\/www.prof-klein.eu\/de\/wp-json\/wp\/v2\/comments?post=664"}],"version-history":[{"count":1,"href":"https:\/\/www.prof-klein.eu\/de\/wp-json\/wp\/v2\/posts\/664\/revisions"}],"predecessor-version":[{"id":665,"href":"https:\/\/www.prof-klein.eu\/de\/wp-json\/wp\/v2\/posts\/664\/revisions\/665"}],"wp:attachment":[{"href":"https:\/\/www.prof-klein.eu\/de\/wp-json\/wp\/v2\/media?parent=664"}],"wp:term":[{"taxonomy":"category","embeddable":true,"href":"https:\/\/www.prof-klein.eu\/de\/wp-json\/wp\/v2\/categories?post=664"},{"taxonomy":"post_tag","embeddable":true,"href":"https:\/\/www.prof-klein.eu\/de\/wp-json\/wp\/v2\/tags?post=664"}],"curies":[{"name":"wp","href":"https:\/\/api.w.org\/{rel}","templated":true}]}}